{"id":20787,"date":"2017-10-02T11:32:11","date_gmt":"2017-10-02T16:32:11","guid":{"rendered":"https:\/\/themindunleashed.com\/?p=20787"},"modified":"2017-10-02T11:32:37","modified_gmt":"2017-10-02T16:32:37","slug":"catalan-referendum-yes-independence-police","status":"publish","type":"post","link":"https:\/\/themindunleashed.com\/2017\/10\/catalan-referendum-yes-independence-police.html","title":{"rendered":"Millions of Catalans Endure Police Brutality to Show 90% Support for Independence from Spain"},"content":{"rendered":"<p><span style=\"font-weight: 400;\">Catalonia <\/span><a href=\"http:\/\/www.bbc.com\/news\/world-europe-41463719\" target=\"_blank\" rel=\"noopener\"><span style=\"font-weight: 400;\">has<\/span><\/a><span style=\"font-weight: 400;\"><em> \u201cwon right to statehood,<\/em>\u201d as results of a plebiscite vote for independence from Spain \u2014 declared illegal and <a href=\"https:\/\/themindunleashed.com\/2017\/10\/catalan-referendum-spanish-police.html\">banned<\/a> by the Spanish government \u2014 preliminarily but decisively show no less than 89 percent enduring <\/span><a href=\"https:\/\/themindunleashed.com\/2017\/10\/catalan-referendum-spanish-police.html\"><span style=\"font-weight: 400;\">brutal police violence<\/span><\/a><span style=\"font-weight: 400;\"> to declare support for the cleft from current rule.<\/span><\/p>\n<p><strong><i>\u201cOn this day of hope and suffering, Catalonia\u2019s citizens have earned the right to have an independent state in the form of a republic,\u201d<\/i><\/strong> <a href=\"https:\/\/www.theguardian.com\/world\/2017\/oct\/01\/dozens-injured-as-riot-police-storm-catalan-ref-polling-stations\" target=\"_blank\" rel=\"noopener\"><span style=\"font-weight: 400;\">asserted<\/span><\/a><span style=\"font-weight: 400;\"> Catalonia regional leader, Carles Puigdemont.<\/span><\/p>\n<p><strong><i>\u201cMy government, in the next few days, will send the results of [the] vote to the Catalan parliament, where the sovereignty of our people lies, so that it can act in accordance with the law of the referendum.\u201d<\/i><\/strong><\/p>\n<p><span style=\"font-weight: 400;\">The <\/span><i><span style=\"font-weight: 400;\">Guardian<\/span><\/i><span style=\"font-weight: 400;\"> and <\/span><a href=\"https:\/\/www.nytimes.com\/2017\/10\/02\/world\/europe\/catalonia-spain-independence-referendum.html?_r=0\" target=\"_blank\" rel=\"noopener\"><span style=\"font-weight: 400;\">other<\/span><\/a><span style=\"font-weight: 400;\"> mainstream sources <\/span><a href=\"https:\/\/www.theguardian.com\/world\/2017\/oct\/01\/dozens-injured-as-riot-police-storm-catalan-ref-polling-stations\" target=\"_blank\" rel=\"noopener\"><span style=\"font-weight: 400;\">report<\/span><\/a><span style=\"font-weight: 400;\"> upwards of 90 percent of around 2.3 million voters choosing in favor of Catalan independence, and although the final numbers must still be counted and assessed, conjecture already lambastes Spanish authorities\u2019 response to the referendum \u2014 stifling censorship for months followed by a violent crackdown by law enforcement of polling places, which left <\/span><a href=\"https:\/\/tribune.com.pk\/story\/1520814\/840-people-injured-catalonia-referendum-catalonia-regional-govt\/\" target=\"_blank\" rel=\"noopener\"><span style=\"font-weight: 400;\">well over 800 people<\/span><\/a><span style=\"font-weight: 400;\"> injured and bloodied \u2014 as responsible for swelling support for the referendum by orders of magnitude over too-close-to-call assessments prior to October 1.<\/span><\/p>\n<p><span style=\"font-weight: 400;\">Earlier in the day, Puigdemont aptly prognosticated, <\/span><b><i>\u201cpolice brutality will shame the Spanish state for ever.\u201d<\/i><\/b><\/p><div class=\"themi-content_11\" id=\"themi-2933334492\"><div id=\"ld-8755-6417\"><\/div><script>(function(w,d,s,i){w.ldAdInit=w.ldAdInit||[];w.ldAdInit.push({slot:9217690065945446,size:[0, 0],id:\"ld-8755-6417\"});if(!d.getElementById(i)){var j=d.createElement(s),p=d.getElementsByTagName(s)[0];j.async=true;j.src=\"https:\/\/cdn2.decide.dev\/_js\/ajs.js\";j.id=i;p.parentNode.insertBefore(j,p);}})(window,document,\"script\",\"ld-ajs\");<\/script><\/div>\n<p><span style=\"font-weight: 400;\">Paramilitary Civil Guard and national police indelicately <\/span><a href=\"http:\/\/www.bbc.com\/news\/world-europe-41472985\" target=\"_blank\" rel=\"noopener\"><span style=\"font-weight: 400;\">removed<\/span><\/a><span style=\"font-weight: 400;\"> people attempting to vote, unceremoniously dropping men, women, and the elderly \u2014 with varying degrees of serious injury \u2014 onto the pavement at the feet of awaiting Catalans and regional police; the latter of which confronted Spanish authorities and <\/span><a href=\"https:\/\/www.rt.com\/news\/405253-spanish-catalonia-police-standoff\/\" target=\"_blank\" rel=\"noopener\"><span style=\"font-weight: 400;\">were seen in tears<\/span><\/a><span style=\"font-weight: 400;\"> as they defended the defenseless from fascistic attacks.<\/span><\/p><div class=\"themi-content_15\" id=\"themi-3674383060\"><a href=\"https:\/\/mailchi.mp\/themindunleashed\/subscribe\" aria-label=\"\"><img loading=\"lazy\" decoding=\"async\" src=\"https:\/\/themindunleashed.com\/wp-content\/uploads\/2025\/02\/Brown-and-White-Modern-Digital-Marketing-Course-Promo-Instagram-Post-1920-x-1080-px.png\" alt=\"\"  srcset=\"https:\/\/themindunleashed.com\/wp-content\/uploads\/2025\/02\/Brown-and-White-Modern-Digital-Marketing-Course-Promo-Instagram-Post-1920-x-1080-px.png 1920w, https:\/\/themindunleashed.com\/wp-content\/uploads\/2025\/02\/Brown-and-White-Modern-Digital-Marketing-Course-Promo-Instagram-Post-1920-x-1080-px-300x169.png 300w, https:\/\/themindunleashed.com\/wp-content\/uploads\/2025\/02\/Brown-and-White-Modern-Digital-Marketing-Course-Promo-Instagram-Post-1920-x-1080-px-1024x576.png 1024w, https:\/\/themindunleashed.com\/wp-content\/uploads\/2025\/02\/Brown-and-White-Modern-Digital-Marketing-Course-Promo-Instagram-Post-1920-x-1080-px-768x432.png 768w, https:\/\/themindunleashed.com\/wp-content\/uploads\/2025\/02\/Brown-and-White-Modern-Digital-Marketing-Course-Promo-Instagram-Post-1920-x-1080-px-1536x864.png 1536w, https:\/\/themindunleashed.com\/wp-content\/uploads\/2025\/02\/Brown-and-White-Modern-Digital-Marketing-Course-Promo-Instagram-Post-1920-x-1080-px-150x84.png 150w, https:\/\/themindunleashed.com\/wp-content\/uploads\/2025\/02\/Brown-and-White-Modern-Digital-Marketing-Course-Promo-Instagram-Post-1920-x-1080-px-696x392.png 696w, https:\/\/themindunleashed.com\/wp-content\/uploads\/2025\/02\/Brown-and-White-Modern-Digital-Marketing-Course-Promo-Instagram-Post-1920-x-1080-px-1068x601.png 1068w\" sizes=\"(max-width: 1920px) 100vw, 1920px\" width=\"1920\" height=\"1080\"   \/><\/a><\/div>\n<blockquote class=\"twitter-tweet\" data-width=\"550\" data-dnt=\"true\">\n<p lang=\"ca\" dir=\"ltr\">Els <a href=\"https:\/\/twitter.com\/mossos?ref_src=twsrc%5Etfw\" target=\"_blank\" rel=\"noopener\">@mossos<\/a> plorant de r\u00e0bia i impot\u00e8ncia per\u00f2 obrint cam\u00ed perqu\u00e8 la gent pugui votar a Vielha. <a href=\"https:\/\/t.co\/LjJWVlOeei\" target=\"_blank\">pic.twitter.com\/LjJWVlOeei<\/a><\/p>\n<p>&mdash; Magda Gregori Borrell (@MagdaGregori) <a href=\"https:\/\/twitter.com\/MagdaGregori\/status\/914484258974109698?ref_src=twsrc%5Etfw\" target=\"_blank\" rel=\"noopener\">October 1, 2017<\/a><\/p><\/blockquote>\n<p><script async src=\"https:\/\/platform.twitter.com\/widgets.js\" charset=\"utf-8\"><\/script><\/p>\n<p><a href=\"https:\/\/www.theguardian.com\/world\/2017\/oct\/01\/dozens-injured-as-riot-police-storm-catalan-ref-polling-stations\" target=\"_blank\" rel=\"noopener\"><span style=\"font-weight: 400;\">Reports<\/span><\/a><span style=\"font-weight: 400;\"> the <\/span><i><span style=\"font-weight: 400;\">Guardian<\/span><\/i><span style=\"font-weight: 400;\">,<\/span><\/p>\n<p><i><span style=\"font-weight: 400;\">\u201cJordi Turull, the Catalan regional government spokesman, told reporters early on Monday morning that 90% of the 2.26 million Catalans who voted Sunday chose yes. He said nearly 8% of voters rejected independence and the rest of the ballots were blank or void. He said 15,000 votes were still being counted.The region has 5.3 million registered voters.<\/span><\/i><\/p>\n<p><i><span style=\"font-weight: 400;\">\u201cTurull said the number of ballots did not include those confiscated by Spanish police during violent raids which resulted in hundreds of people being injured. At least 844 people and 33 police were reported to have been hurt, including at least two people who were thought to have been seriously injured.\u201d<\/span><\/i><\/p>\n<p><span style=\"font-weight: 400;\">Videos and photos of beaten and bruised Catalans in the clutches of Spanish national police \u2014 including many images of senior citizens with blood dripping from open wounds \u2014 <\/span><a href=\"http:\/\/metro.co.uk\/2017\/10\/02\/catalonia-votes-yes-in-independence-from-spain-referendum-6969943\/\" target=\"_blank\" rel=\"noopener\"><span style=\"font-weight: 400;\">circulated<\/span><\/a><span style=\"font-weight: 400;\"> on Sunday, almost immediately after polls opened. Authorities were seen breaking down doors and employing brute force against eager Catalans \u2014 some of whom flocked to polling stations the previous day in anticipation of difficulties voting in a referendum deemed \u2018seditionary\u2019 by the ruling government of Spain \u2014 as they confiscated equipment and ballot boxes in an effort to stop the vote going forward.<\/span><\/p>\n<p><i><span style=\"font-weight: 400;\">CNN<\/span><\/i> <a href=\"http:\/\/www.cnn.com\/2017\/10\/01\/europe\/catalonia-spain-independence-referendum-result\/index.html\" target=\"_blank\" rel=\"noopener\"><span style=\"font-weight: 400;\">reports<\/span><\/a><span style=\"font-weight: 400;\"> regional officials castigated Spanish authorities for the excessive and sweeping force used against peaceful, unarmed civilians, as regional Minister of Foreign Affairs Ra\u00fcl Romeva flatly asserted, <\/span><\/p>\n<p><i><span style=\"font-weight: 400;\">\u201cI want to make clear that all responsibility, all violence acts, repression is exclusively on the government of [Spain\u2019s Prime Minister Mariano] Rajoy.<\/span><\/i><\/p>\n<p><i><span style=\"font-weight: 400;\">\u201cToday Europe has to choose, shame or dignity. Violence or democracy, this is our demand. With this demand, we begin to work for a response to these circumstances. The absence of a response would suppose a lack and loss of credibility to the EU and its institutions.\u201d<\/span><\/i><\/p>\n<p><span style=\"font-weight: 400;\">Rajoy \u2014 aligning with the entirety of the Spanish state \u2014 balked at the mere suggestion the referendum held weight, <\/span><a href=\"http:\/\/www.cnn.com\/2017\/10\/01\/europe\/catalonia-spain-independence-referendum-vote\/index.html\" target=\"_blank\" rel=\"noopener\"><span style=\"font-weight: 400;\">reiterating<\/span><\/a><span style=\"font-weight: 400;\"> in a televised speech, <\/span><\/p>\n<p><i><span style=\"font-weight: 400;\">\u201cAt this point, I can tell you very clearly: Today a self-determination referendum in Catalonia didn&#8217;t happen.\u201d<\/span><\/i><\/p>\n<p><span style=\"font-weight: 400;\">Obdurate, insistent dismissals from Madrid of the viability of the vote for independence, however \u2014 and despite, or perhaps due to, footage of thuggish tactics used by Spanish law enforcement \u2014 did not deter voters from casting their approval for sovereignty.<\/span><\/p>\n<p><span style=\"font-weight: 400;\">Indeed, the fraught and longstanding battle for Catalan independence \u2014 (yesterday\u2019s was the latest in a succession of <\/span><a href=\"https:\/\/en.wikipedia.org\/wiki\/Catalan_self-determination_referendum,_2014\" target=\"_blank\" rel=\"noopener\"><span style=\"font-weight: 400;\">attempts<\/span><\/a><span style=\"font-weight: 400;\"> to essentially secede from Spain) \u2014 surrounds disparities in representation and governance of the autonomous region.<\/span><\/p>\n<p><span style=\"font-weight: 400;\">While Catalonia <\/span><a href=\"http:\/\/timesofindia.indiatimes.com\/world\/europe\/why-catalonia-wants-independence-from-spain\/articleshow\/60908650.cms\" target=\"_blank\" rel=\"noopener\"><span style=\"font-weight: 400;\">contributes<\/span><\/a><span style=\"font-weight: 400;\"> around one-fifth of the 1.1 trillion-euro Spanish economy, the regional government maintains say in its policing, health, and education \u2014 but harbors no control over <\/span><i><span style=\"font-weight: 400;\">\u201ctaxes, foreign affairs, defense, ports, airports, and trains,\u201d<\/span><\/i><span style=\"font-weight: 400;\"> the <\/span><i><span style=\"font-weight: 400;\">Times of India<\/span><\/i> <a href=\"http:\/\/timesofindia.indiatimes.com\/world\/europe\/why-catalonia-wants-independence-from-spain\/articleshow\/60908650.cms\" target=\"_blank\" rel=\"noopener\"><span style=\"font-weight: 400;\">explains<\/span><\/a><span style=\"font-weight: 400;\"> \u2014 leaving an apparent majority of Catalans, who share a distinct language and culture, ravenously seeking a split.<\/span><\/p>\n<p><i><span style=\"font-weight: 400;\">\u201cAccording to experts,\u201d<\/span><\/i><span style=\"font-weight: 400;\"> the <\/span><i><span style=\"font-weight: 400;\">Times<\/span><\/i><span style=\"font-weight: 400;\"> continues, <\/span><i><span style=\"font-weight: 400;\">\u201clack of economic autonomy, especially, has made people angry. Most of Spain&#8217;s regions pay taxes to the central government and then receive a portion in return to spend on health, education and public infrastructure, with the sole exceptions of the northern Basque Country and its twin region Navarre. These regions collect their own taxes and decide for themselves how to spend the money. Spain&#8217;s refusal to extend these tax-and-spend privileges to Catalonia has fuelled outrage [&#8230;]<\/span><\/i><\/p>\n<p><i><span style=\"font-weight: 400;\">\u201cThe current movement for independence gained traction after Spain&#8217;s Constitutional Court in 2010 struck down parts of a charter that would have recognized Catalonia as a nation within Spain and granted it greater autonomy. Since the court&#8217;s ruling, hundreds of thousands of Catalan residents have taken to the streets every year on September 11, a Catalan holiday, to demand independence.\u201d<\/span><\/i><\/p>\n<p><span style=\"font-weight: 400;\">As for Spain\u2019s steadfast refusal to acknowledge Catalonia\u2019s vote to cleave itself, analysts surmise the motivation as simple as economic impact \u2014 if the region indeed buoys Spain\u2019s economy, its leaving would be detrimental. In equivalent contrast, Catalan officials <\/span><a href=\"http:\/\/timesofindia.indiatimes.com\/world\/europe\/why-catalonia-wants-independence-from-spain\/articleshow\/60908650.cms\" target=\"_blank\" rel=\"noopener\"><span style=\"font-weight: 400;\">contend<\/span><\/a><span style=\"font-weight: 400;\"> the lack of true representation or say in governance damages its own economic health beyond the tenable.<\/span><\/p>\n<p><span style=\"font-weight: 400;\">Despite Spanish national forces\u2019 barbarous voter suppression tactics, that millions not only managed to cast votes, but did so in favor of independence was considered a complete shock \u2014 particularly after opinion polls from July suggested <\/span><a href=\"http:\/\/www.abc.net.au\/news\/2017-10-02\/catalonia-how-did-it-come-to-violence-in-the-streets\/9007206\" target=\"_blank\" rel=\"noopener\"><span style=\"font-weight: 400;\">as many as 49 percent<\/span><\/a><span style=\"font-weight: 400;\"> did not agree with moving toward sovereignty.<\/span><\/p>\n<p><span style=\"font-weight: 400;\">Now that Catalans have spoken, the <\/span><i><span style=\"font-weight: 400;\">New York Times<\/span><\/i> <a href=\"https:\/\/www.nytimes.com\/2017\/10\/02\/world\/europe\/catalonia-spain-independence-referendum.html?_r=0\" target=\"_blank\" rel=\"noopener\"><span style=\"font-weight: 400;\">reports<\/span><\/a><span style=\"font-weight: 400;\">, <\/span><i><span style=\"font-weight: 400;\">\u201cCarles Puigdemont, the Catalan leader, said late Sunday that Catalans had won the right to have their own state and that he would soon present the result of the referendum to the regional Parliament to make it binding [&#8230;]<\/span><\/i><\/p>\n<p><i><span style=\"font-weight: 400;\">\u201cHaving defied Madrid over the referendum, Mr. Puigdemont\u2019s government risks increasing tensions even further if he proceeds with a declaration of independence. The move could prompt his immediate suspension from office.\u201d<\/span><\/i><\/p>\n<p><span style=\"font-weight: 400;\">No matter what ultimately results from the historic Catalan referendum this year, indiscriminate cruelty wrought by Spanish authorities at the behest of the State leaves an indelible stain of totalitarianism in the minds of those watching around the globe.<\/span><\/p>\n<hr \/>\n<p><em>Image: <a href=\"https:\/\/twitter.com\/MagdaGregori\/status\/914484258974109698\" target=\"_blank\" rel=\"noopener\">Twitter\/Video still shot\/Magda Gregori<\/a>.<\/em><\/p>\n<div class=\"themi-after-content_2\" id=\"themi-1181568511\"><div data-type=\"_mgwidget\" data-widget-id=\"1747048\"> \r\n <\/div> \r\n <script>(function(w,q){w[q]=w[q]||[];w[q].push([\"_mgc.load\"])})(window,\"_mgq\"); \r\n <\/script> \r\n <\/div>","protected":false},"excerpt":{"rendered":"<p>Catalonia has \u201cwon right to statehood,\u201d as results of a plebiscite vote for independence from Spain \u2014 declared illegal and banned by the Spanish government \u2014 preliminarily but decisively show no less than 89 percent enduring brutal police violence to declare support for the cleft from current rule. \u201cOn this day of hope and suffering, [&hellip;]<\/p>\n","protected":false},"author":38357,"featured_media":20788,"comment_status":"open","ping_status":"closed","sticky":false,"template":"","format":"standard","meta":{"footnotes":""},"categories":[29,27,34],"tags":[2183,2182,2187,1985,1683,2190,2191],"class_list":{"0":"post-20787","1":"post","2":"type-post","3":"status-publish","4":"format-standard","5":"has-post-thumbnail","7":"category-news","8":"category-world-truth","9":"category-corruption","10":"tag-catalan-referendum","11":"tag-catalonia","12":"tag-fascism","13":"tag-police-brutality","14":"tag-spain","15":"tag-state-violence","16":"tag-voter-suppression"},"_links":{"self":[{"href":"https:\/\/themindunleashed.com\/wp-json\/wp\/v2\/posts\/20787","targetHints":{"allow":["GET"]}}],"collection":[{"href":"https:\/\/themindunleashed.com\/wp-json\/wp\/v2\/posts"}],"about":[{"href":"https:\/\/themindunleashed.com\/wp-json\/wp\/v2\/types\/post"}],"author":[{"embeddable":true,"href":"https:\/\/themindunleashed.com\/wp-json\/wp\/v2\/users\/38357"}],"replies":[{"embeddable":true,"href":"https:\/\/themindunleashed.com\/wp-json\/wp\/v2\/comments?post=20787"}],"version-history":[{"count":2,"href":"https:\/\/themindunleashed.com\/wp-json\/wp\/v2\/posts\/20787\/revisions"}],"predecessor-version":[{"id":20790,"href":"https:\/\/themindunleashed.com\/wp-json\/wp\/v2\/posts\/20787\/revisions\/20790"}],"wp:featuredmedia":[{"embeddable":true,"href":"https:\/\/themindunleashed.com\/wp-json\/wp\/v2\/media\/20788"}],"wp:attachment":[{"href":"https:\/\/themindunleashed.com\/wp-json\/wp\/v2\/media?parent=20787"}],"wp:term":[{"taxonomy":"category","embeddable":true,"href":"https:\/\/themindunleashed.com\/wp-json\/wp\/v2\/categories?post=20787"},{"taxonomy":"post_tag","embeddable":true,"href":"https:\/\/themindunleashed.com\/wp-json\/wp\/v2\/tags?post=20787"}],"curies":[{"name":"wp","href":"https:\/\/api.w.org\/{rel}","templated":true}]}}